{"id":3863,"date":"2022-10-06T10:44:03","date_gmt":"2022-10-06T08:44:03","guid":{"rendered":"https:\/\/detwiler-avocat.fr\/?p=3863"},"modified":"2022-10-06T14:48:44","modified_gmt":"2022-10-06T12:48:44","slug":"lanceurs-dalerte-le-decret-dapplication-tant-attendu-est-enfin-publie","status":"publish","type":"post","link":"https:\/\/detwiler-avocat.fr\/en_en\/lanceurs-dalerte-le-decret-dapplication-tant-attendu-est-enfin-publie\/","title":{"rendered":"Lanceurs d&#8217;alerte : le d\u00e9cret d&#8217;application tant attendu est publi\u00e9 !"},"content":{"rendered":"<div data-elementor-type=\"wp-post\" data-elementor-id=\"3863\" class=\"elementor elementor-3863\" data-elementor-post-type=\"post\">\n\t\t\t\t\t\t<section class=\"elementor-section elementor-top-section elementor-element elementor-element-24144d4c elementor-section-boxed elementor-section-height-default elementor-section-height-default\" data-id=\"24144d4c\" data-element_type=\"section\" data-e-type=\"section\">\n\t\t\t\t\t\t<div class=\"elementor-container elementor-column-gap-extended\">\n\t\t\t\t\t<div class=\"elementor-column elementor-col-100 elementor-top-column elementor-element elementor-element-66757a46\" data-id=\"66757a46\" data-element_type=\"column\" data-e-type=\"column\">\n\t\t\t<div class=\"elementor-widget-wrap elementor-element-populated\">\n\t\t\t\t\t\t<div class=\"elementor-element elementor-element-1a22d483 elementor-widget elementor-widget-text-editor\" data-id=\"1a22d483\" data-element_type=\"widget\" data-e-type=\"widget\" data-widget_type=\"text-editor.default\">\n\t\t\t\t<div class=\"elementor-widget-container\">\n\t\t\t\t\t\t\t\t\t<p><\/p>\n<p>Depuis le 1er septembre 2022, les nouvelles r\u00e8gles relatives \u00e0 la <strong>protection des lanceurs d\u2019alertes et au recueil et traitement des signalements<\/strong> <strong>internes et externes <\/strong>issues des lois Waserman sont applicables au sein des <strong>entreprises d&#8217;au moins 50 salari\u00e9s<\/strong>.<\/p>\n<p><\/p>\n<p><\/p>\n<p>Le <strong>d\u00e9cret d&#8217;application <\/strong>pr\u00e9cisant les modalit\u00e9s pratiques de mise en \u0153uvre des dispositions l\u00e9gales vient d&#8217;\u00eatre <strong>publi\u00e9 au Journal Officiel le 4 octobre dernie<\/strong><b>r<\/b>, un mois apr\u00e8s l&#8217;entr\u00e9e en vigueur du nouveau cadre juridique. <\/p>\n<p><\/p>\n<p><\/p>\n<p><strong>Il \u00e9tait donc particuli\u00e8rement attendu par les employeurs du secteur public et priv\u00e9s afin de leur permettre d&#8217;adapter les dispositifs d&#8217;alertes en vigueur.<\/strong><\/p>\n<p><\/p>\n<p><\/p>\n<p>Pour m\u00e9moire, la r\u00e9forme port\u00e9e par le d\u00e9put\u00e9 Sylvain Waserman a modernis\u00e9 en profondeur le dispositif d&#8217;alerte professionnelle issu de la loi Sapin II du 9 d\u00e9cembre 2016 en:<\/p>\n<p><\/p>\n<p><\/p>\n<ul class=\"wp-block-list\">\n<li>\u00e9largissant le <strong>champ d\u2019application du statut du lanceur d\u2019alerte<\/strong> et <strong>renfor\u00e7ant sa protection<\/strong> ;<\/li>\n<li>supprimant la hi\u00e9rarchie des canaux de signalement qui s\u2019imposait au lanceur d\u2019alerte de sorte que le lanceur d&#8217;alerte peut d\u00e9sormais <strong>choisir entre un signalement interne et un signalement externe<\/strong> ;<\/li>\n<li>compl\u00e9tant l\u2019obligation faite aux entreprises d\u2019au moins 50 salari\u00e9s de mettre en place en place une <strong>proc\u00e9dure de signalement interne en deux \u00e9tapes :<\/strong> <b>recueil ET traitement des alertes<\/b>.<\/li>\n<\/ul>\n<p><\/p>\n<p><\/p>\n<p>Ce d\u00e9cret d&#8217;application pr\u00e9cise les nouvelles modalit\u00e9s de cette proc\u00e9dure de signalement et abroge l\u2019ancien d\u00e9cret d&#8217;application de la loi Sapin II du 19 avril 2017.<\/p>\n<p><\/p>\n<p><\/p>\n<p><strong><u>Proc\u00e9dure de signalement interne dans les entreprises d\u2019au moins 50 salari\u00e9s&nbsp;: les nouvelles r\u00e8gles pr\u00e9cis\u00e9es<\/u><\/strong><\/p>\n<p><\/p>\n<p><\/p>\n<p><strong>Appr\u00e9ciation du seuil d&#8217;effectif de 50 salari\u00e9s &#8211;&nbsp;<\/strong>L&#8217;obligation de mettre en place un dispositif d&#8217;alerte conforme \u00e0 ces nouvelles r\u00e8gles concernent les employeurs d&#8217;au moins 50 salari\u00e9s. Ce seuil s\u2019appr\u00e9cie \u00e0 la cl\u00f4ture de 2 exercices cons\u00e9cutifs selon les modalit\u00e9s pr\u00e9vues au Code de de la s\u00e9curit\u00e9 sociale.<\/p>\n<p><\/p>\n<p><\/p>\n<p><strong>Libre choix du support de l&#8217;alerte &#8211;<\/strong>&nbsp;Sans changement, l\u2019employeur choisit le support qui lui semble le plus adapt\u00e9.<\/p>\n<p><\/p>\n<p><\/p>\n<p>Ainsi, la proc\u00e9dure peut \u00eatre fix\u00e9e par une simple <strong>note de service <\/strong>ou d&#8217;un <strong>accord collectif<\/strong> conclu selon les r\u00e8gles de droit commun.<\/p>\n<p><\/p>\n<p><\/p>\n<p>Le comit\u00e9 social et \u00e9conomique devra n\u00e9anmoins \u00eatre consult\u00e9 au pr\u00e9alable.<\/p>\n<p><\/p>\n<p><\/p>\n<p><strong>Publicit\u00e9 du dispositif mis en place &#8211;<\/strong>&nbsp; L\u2019employeur diffuse la proc\u00e9dure de signalement par <strong>tout moyen assurant une publicit\u00e9 suffisante <\/strong>(ex.&nbsp;: affichage ou publication par voie \u00e9lectronique ou sur le site intranet de l&#8217;entreprise).<\/p>\n<p><\/p>\n<p><\/p>\n<p>Il doit la rendre <strong>accessible de mani\u00e8re permanente<\/strong> aux personnes susceptibles de lancer une alerte (salari\u00e9s, anciens salari\u00e9s, actionnaires, etc.). <\/p>\n<p><\/p>\n<p><\/p>\n<p>Il doit \u00e9galement mettre \u00e0 disposition des <strong>informations claires et facilement accessibles <\/strong>concernant les proc\u00e9dures de signalement externe.<\/p>\n<p><\/p>\n<p><\/p>\n<p><strong><u>Concernant la proc\u00e9dure de recueil de<\/u><span style=\"text-decoration: underline;\"><u>s <\/u>signalements (premi\u00e8re \u00e9tape)<\/span><\/strong><\/p>\n<p><\/p>\n<p><\/p>\n<p><strong>Canal de r\u00e9ception des alertes \u00e9crites ou orales &#8211;<\/strong>&nbsp;La proc\u00e9dure de signalement interne doit instaurer un <strong>canal de r\u00e9ception des alertes<\/strong>, \u00e9tant pr\u00e9cis\u00e9 qu&#8217;elles peuvent \u00eatre aussi bien \u00e9crites qu\u2019orales.<\/p>\n<p><\/p>\n<p><\/p>\n<p>Le canal de signalement doit \u00e9galement permettre au lanceur d\u2019alerte de<b> transmettre tout \u00e9l\u00e9ment, quel que soit sa forme ou son support<\/b>, de nature \u00e0 \u00e9tayer son alerte.<\/p>\n<p><\/p>\n<p><\/p>\n<p>Le lanceur d\u2019alerte doit d\u00e9sormais \u00eatre inform\u00e9 par \u00e9crit de la r\u00e9ception de son alerte dans un <strong>d\u00e9lai de 7 jours ouvr\u00e9s \u00e0 compter de cette r\u00e9ception.<\/strong> <\/p>\n<p><\/p>\n<p><\/p>\n<p><strong>V\u00e9rification des conditions de l\u2019exercice du droit d\u2019alerte \u2013&nbsp;<\/strong>Sauf si le signalement est anonyme, l\u2019employeur doit v\u00e9rifier que <strong>toutes les conditions de l\u2019exercice du droit d\u2019alerte sont remplies<\/strong>&nbsp;: qualit\u00e9 du lanceur d\u2019alerte, objet de l\u2019alerte, bonne foi du lanceur d\u2019alerte, absence de contrepartie directe \u00e0 l\u2019alerte, etc. Des compl\u00e9ments d\u2019information peuvent \u00eatre sollicit\u00e9s aupr\u00e8s du lanceur d\u2019alerte en ce sens.<\/p>\n<p><\/p>\n<p><\/p>\n<p>Le cas \u00e9ch\u00e9ant, l\u2019employeur doit indiquer au lanceur d\u2019alerte les raisons pour lesquelles il estime que son signalement ne respecte pas les conditions requises, ainsi que les suites donn\u00e9es \u00e0 son signalement.<\/p>\n<p><\/p>\n<p><\/p>\n<p>La proc\u00e9dure doit aussi pr\u00e9ciser les suites donn\u00e9es aux signalements anonymes.<\/p>\n<p><\/p>\n<p><\/p>\n<p><strong>Cas des entreprises appartenant \u00e0 un Groupe &#8211;&nbsp;<\/strong>Lorsque l&#8217;employeur estime que l\u2019alerte concerne une entreprise appartenant au m\u00eame groupe, il peut inviter le lanceur d\u2019alerte \u00e0 l&#8217;adresser \u00e9galement \u00e0 cette derni\u00e8re.<\/p>\n<p><\/p>\n<p><\/p>\n<p><strong><u>Concernant la proc\u00e9dure de traitement d<\/u><span style=\"text-decoration: underline;\"><u>es<\/u> signalements (seconde \u00e9tape)<\/span><\/strong><\/p>\n<p><\/p>\n<p><\/p>\n<p>Lorsque toutes les conditions de l\u2019exercice du droit d\u2019alerte sont remplies, l\u2019employeur doit assurer le traitement de l\u2019alerte. <\/p>\n<p><\/p>\n<p><\/p>\n<p>Le d\u00e9cret encadre le traitement du signalement et pr\u00e9cise les <strong>obligations d&#8217;information et de suivi \u00e0 la charge <\/strong>de l&#8217;entreprise.<\/p>\n<p><\/p>\n<p><\/p>\n<p>Si les all\u00e9gations semblent av\u00e9r\u00e9es, l\u2019employeur doit d\u00e9sormais <strong>informer le lanceur d\u2019alerte du traitement de son alerte <\/strong>dans un <strong>d\u00e9lai de 3 mois maximum \u00e0 compter de l&#8217;accus\u00e9 de r\u00e9ception du signalement <\/strong>(ou, \u00e0 d\u00e9faut d&#8217;accus\u00e9 de r\u00e9ception, 3 mois \u00e0 l\u2019issue d&#8217;une p\u00e9riode de 7 jours ouvr\u00e9s suivant le signalement). \u00c0 cet effet, l\u2019employeur lui communique par \u00e9crit des <strong>informations sur les mesures envisag\u00e9es ou prises<\/strong> pour <strong>\u00e9valuer l&#8217;exactitude des all\u00e9gations <\/strong>et, le cas \u00e9ch\u00e9ant, <strong>rem\u00e9dier \u00e0 l&#8217;objet du signalement<\/strong>, ainsi que sur les motifs de ces derni\u00e8res.<\/p>\n<p><\/p>\n<p><\/p>\n<p>Si les <strong>all\u00e9gations sont inexactes ou infond\u00e9es<\/strong>, ou lorsque le signalement est devenu sans objet, l&#8217;employeur doit cl\u00f4turer le dossier et en informer par \u00e9crit le lanceur d&#8217;alerte.<\/p>\n<p><\/p>\n<p><\/p>\n<p><strong><u>Mutualisation des proc\u00e9dures pour les seules entreprises de moins de 250 salari\u00e9s<\/u><\/strong><\/p>\n<p><\/p>\n<p><\/p>\n<p>La possibilit\u00e9 de mettre en place des proc\u00e9dures de recueil des signalements communes \u00e0 plusieurs entreprises est d\u00e9sormais limit\u00e9e aux entreprises de moins de 250 salari\u00e9s. <\/p>\n<p><\/p>\n<p><\/p>\n<p>Le d\u00e9cret pr\u00e9cise que ces entreprises peuvent pr\u00e9voir une proc\u00e9dure commune de recueil et de traitement des alertes, \u00ab&nbsp;apr\u00e8s d\u00e9cision concordante de leurs organes comp\u00e9tents&nbsp;\u00bb. Le canal de r\u00e9ception des signalements ainsi que l&#8217;\u00e9valuation de l&#8217;exactitude des all\u00e9gations formul\u00e9es font l&#8217;objet de \u00ab&nbsp;ressources partag\u00e9es entre elles&nbsp;\u00bb.<\/p>\n<p><\/p>\n<p><\/p>\n<p><strong><u>Personnes charg\u00e9es de g\u00e9rer les aler<\/u><span style=\"text-decoration: underline;\">tes : gestion interne ou externalis\u00e9e<\/span><\/strong><\/p>\n<p><\/p>\n<p><\/p>\n<p>La proc\u00e9dure de signalement interne doit pr\u00e9ciser la ou les personnes ou le ou les services charg\u00e9s de recueillir et traiter les alertes.<\/p>\n<p><\/p>\n<p><\/p>\n<p>La r\u00e9ception des alertes puis leur traitement peuvent \u00eatre g\u00e9r\u00e9s par des personnes ou services diff\u00e9rents.<\/p>\n<p><\/p>\n<p><\/p>\n<p>Elles doivent n\u00e9anmoins disposer, par leur positionnement ou leur statut, de <strong>la comp\u00e9tence, de l&#8217;autorit\u00e9 et des moyens suffisants <\/strong>\u00e0 l&#8217;exercice de leurs missions. La proc\u00e9dure pr\u00e9voit les garanties permettant l&#8217;exercice impartial de ces missions.<\/p>\n<p><\/p>\n<p><\/p>\n<p>Le canal de r\u00e9ception des alertes peut \u00eatre g\u00e9r\u00e9 pour le compte de l&#8217;employeur en externe par un tiers. L&#8217;obligation de traitement de l\u2019alerte p\u00e8se cependant exclusivement sur l\u2019employeur qui devra assurer le traitement du signalement dans les conditions susvis\u00e9es.<\/p>\n<p><\/p>\n<p><\/p>\n<p><strong><u>Protection des donn\u00e9es recueillies \u00e0 l\u2019occasion d\u2019une alerte<\/u><\/strong><\/p>\n<p><\/p>\n<p><\/p>\n<p>La proc\u00e9dure interne de recueil et de traitement des signalements doit &nbsp;:<\/p>\n<p><\/p>\n<p><\/p>\n<ul class=\"wp-block-list\">\n<li><strong>garantir l&#8217;int\u00e9grit\u00e9 et la confidentialit\u00e9 des informations recueillies <\/strong>dans un signalement, notamment l&#8217;identit\u00e9 du lanceur d\u2019alerte, des personnes vis\u00e9es par celle-ci et de tout tiers qui y est mentionn\u00e9&nbsp;;<\/li>\n<li><strong>interdire l&#8217;acc\u00e8s \u00e0 ces informations aux salari\u00e9s qui ne sont pas charg\u00e9s de recueillir ou de traiter les alertes<\/strong>&nbsp;;<\/li>\n<li><strong>pr\u00e9voir la transmission sans d\u00e9lai aux personnes ou services charg\u00e9s de recueillir ou de traiter les alertes <\/strong>des signalements re\u00e7us par d&#8217;autres personnes ou services.<\/li>\n<\/ul>\n<p><\/p>\n<p><\/p>\n<p>Les informations recueillies ne peuvent \u00eatre communiqu\u00e9es \u00e0 des tiers que si cette communication est n\u00e9cessaire pour traiter le signalement et dans le respect de la confidentialit\u00e9 des informations recueillies.<\/p>\n<p><\/p>\n<p><\/p>\n<p><strong><span style=\"text-decoration: underline;\">Listes des autorit\u00e9s comp\u00e9tentes en cas de signalement externe<\/span><\/strong><\/p>\n<p><\/p>\n<p><\/p>\n<p>La nouvelle r\u00e9forme autorise d\u00e9sormais les lanceurs d\u2019alerte \u00e0 proc\u00e9der \u00e0 un signalement externe sans avoir n\u00e9cessairement proc\u00e9d\u00e9 \u00e0 un signalement interne pr\u00e9alable. <\/p>\n<p><\/p>\n<p><\/p>\n<p>Ce signalement doit \u00eatre effectu\u00e9 aupr\u00e8s<b> \u00ab&nbsp;d\u2019autorit\u00e9s comp\u00e9tentes&nbsp;\u00bb<\/b>, notamment aupr\u00e8s du D\u00e9fenseur des droits ou de l&#8217;autorit\u00e9 judiciaire. <\/p>\n<p><\/p>\n<p><\/p>\n<p>L&#8217;annexe du d\u00e9cret du 3&nbsp;octobre 2022 dresse la liste de ces \u00ab&nbsp;autorit\u00e9s comp\u00e9tentes&nbsp;\u00bb en fonction du domaine des faits rapport\u00e9s.<\/p>\n<p><\/p>\n<p><\/p>\n<p>A titre d&#8217;exemples, la DGT est d\u00e9sign\u00e9e comme autorit\u00e9 comp\u00e9tente pour les alertes portant sur les relations individuelles et collectives du travail, conditions de travail et la DGEFP pour les alertes portant sur l\u2019emploi et la formation professionnelle.<\/p>\n<p><\/p>\n<p><\/p>\n<p>La CNIL est quant \u00e0 elle vis\u00e9e pour les alertes relatives \u00e0 la protection de la vie priv\u00e9e et des donn\u00e9es personnelles, \u00e0 la s\u00e9curit\u00e9 des r\u00e9seaux et de syst\u00e8mes d\u2019information.<\/p>\n<p><\/p>\n<p><\/p>\n<p>Source : <a href=\"https:\/\/www.legifrance.gouv.fr\/download\/file\/q48CGV-CdqrWoIbE71wPQfxnFFJbCxjZfqxFzwqAFRg=\/JOE_TEXTE\">D\u00e9cret&nbsp;n\u00b02022-1284 du 3 octobre 2022<\/a><\/p>\n<p><\/p>\t\t\t\t\t\t\t\t<\/div>\n\t\t\t\t<\/div>\n\t\t\t\t\t<\/div>\n\t\t<\/div>\n\t\t\t\t\t<\/div>\n\t\t<\/section>\n\t\t\t\t<\/div>","protected":false},"excerpt":{"rendered":"<p>Depuis le 1er septembre 2022, les nouvelles r\u00e8gles relatives \u00e0 la protection des lanceurs d\u2019alertes et au recueil et traitement des signalements internes et externes issues des lois Waserman sont applicables au sein des entreprises d&#8217;au moins&hellip;<\/p>","protected":false},"author":990002,"featured_media":3870,"comment_status":"closed","ping_status":"closed","sticky":false,"template":"","format":"standard","meta":{"footnotes":""},"categories":[35],"tags":[],"class_list":["post-3863","post","type-post","status-publish","format-standard","has-post-thumbnail","hentry","category-actu-sociales"],"_links":{"self":[{"href":"https:\/\/detwiler-avocat.fr\/en_en\/wp-json\/wp\/v2\/posts\/3863","targetHints":{"allow":["GET"]}}],"collection":[{"href":"https:\/\/detwiler-avocat.fr\/en_en\/wp-json\/wp\/v2\/posts"}],"about":[{"href":"https:\/\/detwiler-avocat.fr\/en_en\/wp-json\/wp\/v2\/types\/post"}],"author":[{"embeddable":true,"href":"https:\/\/detwiler-avocat.fr\/en_en\/wp-json\/wp\/v2\/users\/990002"}],"replies":[{"embeddable":true,"href":"https:\/\/detwiler-avocat.fr\/en_en\/wp-json\/wp\/v2\/comments?post=3863"}],"version-history":[{"count":8,"href":"https:\/\/detwiler-avocat.fr\/en_en\/wp-json\/wp\/v2\/posts\/3863\/revisions"}],"predecessor-version":[{"id":3876,"href":"https:\/\/detwiler-avocat.fr\/en_en\/wp-json\/wp\/v2\/posts\/3863\/revisions\/3876"}],"wp:featuredmedia":[{"embeddable":true,"href":"https:\/\/detwiler-avocat.fr\/en_en\/wp-json\/wp\/v2\/media\/3870"}],"wp:attachment":[{"href":"https:\/\/detwiler-avocat.fr\/en_en\/wp-json\/wp\/v2\/media?parent=3863"}],"wp:term":[{"taxonomy":"category","embeddable":true,"href":"https:\/\/detwiler-avocat.fr\/en_en\/wp-json\/wp\/v2\/categories?post=3863"},{"taxonomy":"post_tag","embeddable":true,"href":"https:\/\/detwiler-avocat.fr\/en_en\/wp-json\/wp\/v2\/tags?post=3863"}],"curies":[{"name":"wp","href":"https:\/\/api.w.org\/{rel}","templated":true}]}}