{"id":3707,"date":"2022-06-14T13:21:42","date_gmt":"2022-06-14T11:21:42","guid":{"rendered":"https:\/\/detwiler-avocat.fr\/?p=3707"},"modified":"2022-06-15T14:24:18","modified_gmt":"2022-06-15T12:24:18","slug":"licenciement-pour-inaptitude-pas-dobligation-de-consulter-le-cse-sur-limpossibilite-de-reclassement-en-cas-de-dispense-expresse-du-medecin-du-travail","status":"publish","type":"post","link":"https:\/\/detwiler-avocat.fr\/en_en\/licenciement-pour-inaptitude-pas-dobligation-de-consulter-le-cse-sur-limpossibilite-de-reclassement-en-cas-de-dispense-expresse-du-medecin-du-travail\/","title":{"rendered":"Licenciement pour inaptitude : pas d&#8217;obligation de consulter le CSE sur l&#8217;impossibilit\u00e9 de reclassement en cas de dispense expresse du m\u00e9decin du travail"},"content":{"rendered":"<p>La Cour de cassation vient apporter, pour la premi\u00e8re fois \u00e0 notre connaissance, une clarification sur l&#8217;<strong>obligation de consulter ou pas le Comit\u00e9 \u00e9conomique et social (CSE) <\/strong>avant de licencier un salari\u00e9 d\u00e9clar\u00e9 inapte lorsque<em>&nbsp;<\/em>l\u2019avis d\u2019inaptitude du m\u00e9decin du travail pr\u00e9voit que<strong> tout maintien du salari\u00e9 dans l\u2019entreprise serait gravement pr\u00e9judiciable \u00e0 sa sant\u00e9<\/strong> ou que <strong>l\u2019\u00e9tat de sant\u00e9 du salari\u00e9 fait obstacle \u00e0 tout reclassement dans un emploi<\/strong>. <\/p>\n\n\n\n<p><strong><span style=\"text-decoration: underline;\">Rappel des obligations de l&#8217;employeur en cas d&#8217;inaptitude m\u00e9dicalement constat\u00e9e<\/span><\/strong><\/p>\n\n\n\n<p>A l\u2019issue d\u2019un <strong>arr\u00eat de travail <\/strong>dont la dur\u00e9e varie selon l\u2019origine entre 30 et 60 jours (30 jours pour cause d\u2019accident du travail, au moins 60 jours pour cause de maladie ou d\u2019accident d&#8217;origine non professionnelle depuis avril 2022), l&#8217;employeur doit <strong>organiser une visite de reprise<\/strong> pratiqu\u00e9e par le m\u00e9decin du travail. <\/p>\n\n\n\n<p>Cet examen de reprise doit \u00eatre r\u00e9alis\u00e9\u00a0le jour de la reprise effective du travail, et au plus tard dans un d\u00e9lai de huit jours suivant cette reprise\u00a0(<a href=\"https:\/\/www.legifrance.gouv.fr\/codes\/article_lc\/LEGIARTI000033769115\/\">article R. 4624-31 du Code du travail<\/a>).<\/p>\n\n\n\n<p>Si le m\u00e9decin du travail consid\u00e8re que le salari\u00e9 n\u2019est pas apte \u00e0 reprendre son poste en raison de son \u00e9tat de sant\u00e9, il prononce un\u00a0<strong>avis d&#8217;inaptitude<\/strong> et remplit un formulaire \u00e0 cet effet.<\/p>\n\n\n\n<p>L\u2019employeur doit alors s\u2019efforcer de reclasser l\u2019int\u00e9ress\u00e9 en recherchant si un autre emploi, aussi comparable que possible \u00e0 l\u2019emploi qu\u2019il occupait pr\u00e9c\u00e9demment, peut lui \u00eatre propos\u00e9 au sein de l&#8217;entreprise ou, le cas \u00e9ch\u00e9ant, des entreprises du groupe auquel elle appartient situ\u00e9es sur le territoire fran\u00e7ais (<a href=\"https:\/\/www.legifrance.gouv.fr\/codes\/section_lc\/LEGITEXT000006072050\/LEGISCTA000006189429\/#LEGISCTA000006189429\">Art. L.1226-2<\/a>\u00a0et\u00a0<a href=\"https:\/\/www.legifrance.gouv.fr\/codes\/section_lc\/LEGITEXT000006072050\/LEGISCTA000006195603\/#LEGISCTA000006195603\">L.1226-10<\/a>\u00a0du Code du travail).<\/p>\n\n\n\n<p>Cette obligation de reclassement impose \u00e0 l\u2019employeur de se livrer \u00e0 une <strong>recherche de reclassement s\u00e9rieuse et loyale<\/strong> dans l\u2019entreprise et de l\u2019\u00e9largir \u00e0 d&#8217;autres entreprises lorsque l\u2019entreprise appartient \u00e0 un groupe. <\/p>\n\n\n\n<p>Depuis la Loi n\u00b0 2016-1088\u00a0du 8 ao\u00fbt 2016 dite Loi Travail, l&#8217;employeur est tenu de <strong>consulter au pr\u00e9alable le CSE\u00a0lorsqu\u2019il formule une proposition de reclassement,\u00a0quelque soit l&#8217;origine de l&#8217;inaptitude<\/strong> <strong>(professionnelle ou non)<\/strong> du salari\u00e9. Pr\u00e9cisons qu&#8217;il s&#8217;agit d&#8217;un avis seulement consultatif ne liant pas l&#8217;employeur qu&#8217;il soit favorable ou d\u00e9favorable. <\/p>\n\n\n\n<p>La m\u00e9connaissance de cette obligation de consultation des \u00e9lus du personnel par l&#8217;employeur a toutefois des cons\u00e9quences importantes d\u00e8s que <strong>le<\/strong> <strong>licenciement prononc\u00e9 est automatique consid\u00e9r\u00e9 comme d\u00e9pourvu de cause r\u00e9elle et s\u00e9rieuse<\/strong> en cas de contentieux (<em><a href=\"https:\/\/www.legifrance.gouv.fr\/juri\/id\/JURITEXT000042438626?init=true&amp;page=1&amp;query=article+L+1226-2-1+et+obligation+de+reclassement&amp;searchField=ALL&amp;tab_selection=all\">Cass. soc. 30 septembre 2020, n\u00b019-11.974<\/a><\/em>).<\/p>\n\n\n\n<p>Si<em> <\/em>le m\u00e9decin du travail estime que tout maintien du salari\u00e9 dans un emploi serait gravement pr\u00e9judiciable \u00e0 sa sant\u00e9 ou que l\u2019\u00e9tat de sant\u00e9 du salari\u00e9 fait obstacle \u00e0 tout reclassement dans un emploi, il en fait&nbsp;<strong>mention expresse&nbsp;dans son avis<\/strong> (<a href=\"https:\/\/www.legifrance.gouv.fr\/codes\/article_lc\/LEGIARTI000033013454#:~:text=1226%2D2%2C%20soit%20du%20refus,tout%20reclassement%20dans%20un%20emploi.\">Art. L.1226-2-1<\/a> et <a href=\"https:\/\/www.legifrance.gouv.fr\/codes\/article_lc\/LEGIARTI000035653215\">L.1226-10 du Code du travail<\/a>).<\/p>\n\n\n\n<p><strong><span style=\"text-decoration: underline;\">Quid de l&#8217;obligation de consulter le CSE en cas de d\u00e9claration d\u2019inaptitude avec mention expresse de dispense de reclassement \u00e9mise par le m\u00e9decin du travail ?<\/span><\/strong><\/p>\n\n\n\n<p>Cette question faisait <strong>d\u00e9bat parmi les praticiens <\/strong>et <strong>mena\u00e7ait la s\u00e9curit\u00e9 juridique des proc\u00e9dures de licenciement <\/strong>men\u00e9es \u00e0 la suite d&#8217;une d\u00e9claration d&#8217;inaptitude avec dispense expresse de reclassement au regard des d\u00e9cisions divergentes rendues par les juges du fond sur le sujet. <\/p>\n\n\n\n<p>Dans cette affaire, une salari\u00e9e avait \u00e9t\u00e9 <strong>d\u00e9clar\u00e9e inapte \u00e0 son poste par le m\u00e9decin du travail <\/strong>\u00e0 la suite d&#8217;un accident du travail, dont l&#8217;avis mentionnait&nbsp;: \u00ab L<em>&#8216;\u00e9tat de sant\u00e9 du salari\u00e9 fait obstacle \u00e0 tout reclassement dans un emploi<\/em> \u00bb. Elle a donc \u00e9t\u00e9 <strong>licenci\u00e9e pour inaptitude et impossibilit\u00e9 de reclassement <\/strong>par l&#8217;employeur, lequel n&#8217;a <strong>pas jug\u00e9 utile de consulter le CSE compte tenu de cette dispense expresse <\/strong>par le m\u00e9decin du travail.<\/p>\n\n\n\n<p>La salari\u00e9e a, alors, saisi le conseil des prud\u2019hommes en vue de contester la l\u00e9gitimit\u00e9 de son licenciement et de r\u00e9clamer des dommages et int\u00e9r\u00eats \u00e0 d\u00e9faut de consultation pr\u00e9alable des d\u00e9l\u00e9gu\u00e9s du personnel. Le Conseil de prud&#8217;hommes puis la Cour d&#8217;appel lui ont donn\u00e9 gain en consid\u00e9rant que les \u00e9lus du personnel devaient \u00eatre consult\u00e9s <strong>y compris en l&#8217;absence de possibilit\u00e9 de reclassement<\/strong>.<\/p>\n\n\n\n<p>L\u2019employeur s\u2019est alors pourvu en cassation consid\u00e9rant qu&#8217;il pouvait <strong>s&#8217;exon\u00e9rer de toute obligation pr\u00e9alable de reclassement<\/strong> compte tenu de la <strong>mention expresse figurant sur l&#8217;avis d&#8217;inaptitude<\/strong> rendu par le m\u00e9decin du travail.<\/p>\n\n\n\n<p><strong><span style=\"text-decoration: underline;\">Position de la Cour de cassation : pas d&#8217;obligation de consultation en cas de dispense expresse de reclassement par le m\u00e9decin du travail <\/span><\/strong><\/p>\n\n\n\n<p>La Cour de cassation prend en premier lieu soin de rappeler que l&#8217;employeur ne peut licencier un salari\u00e9 pour inaptitude que s&#8217;il justifie :<\/p>\n\n\n\n<ul class=\"wp-block-list\"><li>soit de son <strong>impossibilit\u00e9 de proposer un emploi <\/strong>dans les conditions pr\u00e9vues \u00e0 l&#8217;article L. 1226-10 du Code du travail, <\/li><li>soit du <strong>refus par le salari\u00e9 de l&#8217;emploi propos\u00e9<\/strong> dans ces m\u00eames conditions, <\/li><li>soit de la <strong>mention expresse dans l&#8217;avis du m\u00e9decin du travail <\/strong>que <strong>tout maintien du salari\u00e9 dans l&#8217;emploi serait gravement pr\u00e9judiciable \u00e0 sa sant\u00e9 <\/strong>ou que <strong>l&#8217;\u00e9tat de sant\u00e9 du salari\u00e9 fait obstacle \u00e0 tout reclassement dans l&#8217;emploi<\/strong> (<a rel=\"noreferrer noopener\" href=\"https:\/\/rfsocial.grouperf.com\/lien_spad\/?base=LEGI&amp;orig=REVUE_RF_FH&amp;code=LEGITEXT000006072050&amp;numero=L1226-10&amp;idspad=LEGIARTI000035653215\" target=\"_blank\">Art. L. 1226-10<\/a> du Code du travail).<\/li><\/ul>\n\n\n\n<p>Elle en conclut que lorsque <strong>le m\u00e9decin du travail a mentionn\u00e9 express\u00e9ment dans son avis que tout maintien du salari\u00e9 dans l&#8217;emploi serait gravement pr\u00e9judiciable \u00e0 sa sant\u00e9 ou que l&#8217;\u00e9tat de sant\u00e9 du salari\u00e9 fait obstacle \u00e0 tout reclassement dans l&#8217;emploi, l&#8217;employeur n&#8217;est pas tenu de rechercher un reclassement et n\u2019a donc pas l&#8217;obligation de consulter les \u00e9lus du personnel (aujourd&#8217;hui devenu le CSE).<\/strong><\/p>\n\n\n\n<p>Cette solution met un terme \u00e0 tout d\u00e9bat sur l&#8217;obligation de consultation du CSE en cas de dispense expresse par le m\u00e9decin du travail et restreint donc les possibilit\u00e9s de contestation par le salari\u00e9 licenci\u00e9 pour inaptitude. <\/p>\n\n\n\n<p>Source : <em><a href=\"https:\/\/www.courdecassation.fr\/decision\/62a1992cfa7283a9d4ab346e?judilibre_juridiction=cc&amp;judilibre_chambre[]=soc&amp;previousdecisionpage=0&amp;previousdecisionindex=0&amp;nextdecisionpage=0&amp;nextdecisionindex=2\">Cass. soc. 8 juin 2022, n\u00b0&nbsp;20-22500<\/a><\/em><\/p>\n\n\n\n<p><\/p>","protected":false},"excerpt":{"rendered":"<p>La Cour de cassation vient apporter, pour la premi\u00e8re fois \u00e0 notre connaissance, une clarification sur l&#8217;obligation de consulter ou pas le Comit\u00e9 \u00e9conomique et social (CSE) avant de licencier un salari\u00e9 d\u00e9clar\u00e9 inapte lorsque&nbsp;l\u2019avis d\u2019inaptitude du&hellip;<\/p>","protected":false},"author":990002,"featured_media":3708,"comment_status":"closed","ping_status":"closed","sticky":false,"template":"","format":"standard","meta":{"footnotes":""},"categories":[33],"tags":[],"class_list":["post-3707","post","type-post","status-publish","format-standard","has-post-thumbnail","hentry","category-actu-jurisprudentielles"],"_links":{"self":[{"href":"https:\/\/detwiler-avocat.fr\/en_en\/wp-json\/wp\/v2\/posts\/3707","targetHints":{"allow":["GET"]}}],"collection":[{"href":"https:\/\/detwiler-avocat.fr\/en_en\/wp-json\/wp\/v2\/posts"}],"about":[{"href":"https:\/\/detwiler-avocat.fr\/en_en\/wp-json\/wp\/v2\/types\/post"}],"author":[{"embeddable":true,"href":"https:\/\/detwiler-avocat.fr\/en_en\/wp-json\/wp\/v2\/users\/990002"}],"replies":[{"embeddable":true,"href":"https:\/\/detwiler-avocat.fr\/en_en\/wp-json\/wp\/v2\/comments?post=3707"}],"version-history":[{"count":2,"href":"https:\/\/detwiler-avocat.fr\/en_en\/wp-json\/wp\/v2\/posts\/3707\/revisions"}],"predecessor-version":[{"id":3711,"href":"https:\/\/detwiler-avocat.fr\/en_en\/wp-json\/wp\/v2\/posts\/3707\/revisions\/3711"}],"wp:featuredmedia":[{"embeddable":true,"href":"https:\/\/detwiler-avocat.fr\/en_en\/wp-json\/wp\/v2\/media\/3708"}],"wp:attachment":[{"href":"https:\/\/detwiler-avocat.fr\/en_en\/wp-json\/wp\/v2\/media?parent=3707"}],"wp:term":[{"taxonomy":"category","embeddable":true,"href":"https:\/\/detwiler-avocat.fr\/en_en\/wp-json\/wp\/v2\/categories?post=3707"},{"taxonomy":"post_tag","embeddable":true,"href":"https:\/\/detwiler-avocat.fr\/en_en\/wp-json\/wp\/v2\/tags?post=3707"}],"curies":[{"name":"wp","href":"https:\/\/api.w.org\/{rel}","templated":true}]}}