{"id":3693,"date":"2022-04-03T11:40:11","date_gmt":"2022-04-03T09:40:11","guid":{"rendered":"https:\/\/detwiler-avocat.fr\/?p=3693"},"modified":"2022-04-03T11:40:13","modified_gmt":"2022-04-03T09:40:13","slug":"le-forfait-jours-nautorise-pas-le-salarie-a-saffranchir-de-toute-contrainte-horaire","status":"publish","type":"post","link":"https:\/\/detwiler-avocat.fr\/en_en\/le-forfait-jours-nautorise-pas-le-salarie-a-saffranchir-de-toute-contrainte-horaire\/","title":{"rendered":"Le forfait jours n&#8217;autorise pas le salari\u00e9 \u00e0 s&#8217;affranchir de toute contrainte horaire"},"content":{"rendered":"<p>Les salari\u00e9s qui peuvent \u00eatre soumis \u00e0 un forfait annuel en jours b\u00e9n\u00e9ficient, par d\u00e9finition, d\u2019une certaine autonomie dans l\u2019organisation de leur emploi du temps (c. trav. art. L.3121-58).<\/p>\n\n\n\n<p><strong>L&#8217;autonomie dont ils doivent disposer n\u2019est pour autant pas synonyme de libert\u00e9 totale, comme le rappelle la Cour de cassation dans une affaire concernant une salari\u00e9e v\u00e9t\u00e9rinaire sous convention de forfait en jours.<\/strong><\/p>\n\n\n\n<p>La clinique qui l\u2019employait lui avait fix\u00e9 un <strong><span style=\"text-decoration: underline;\">planning de ses jours de pr\u00e9sence<\/span><\/strong> \u00e0 la clinique v\u00e9t\u00e9rinaire, organis\u00e9 en <strong><span style=\"text-decoration: underline;\">journ\u00e9es ou demi-journ\u00e9es de travail en fonction des contraintes li\u00e9es \u00e0 l&#8217;activit\u00e9 <\/span><\/strong>de la clinique v\u00e9t\u00e9rinaire pour les rendez-vous donn\u00e9s aux propri\u00e9taires des animaux soign\u00e9s. La salari\u00e9e restait donc <strong><span style=\"text-decoration: underline;\">libre d&#8217;organiser, en dehors de ces contraintes, sa journ\u00e9e de travail comme bon lui semblait<\/span><\/strong> et pouvait fixer ses interventions \u00e0 sa guise.<\/p>\n\n\n\n<p>Malgr\u00e9 les rappels \u00e0 l\u2019ordre, la salari\u00e9e ne respectait pas les jours de pr\u00e9sence du planning perturbant ainsi l\u2019activit\u00e9 de la clinique dans la mesure o\u00f9 l\u2019ensemble de l\u2019\u00e9quipe devait pallier ses absences et assumer les changements soudains de son emploi du temps.<\/p>\n\n\n\n<p>Son employeur l&#8217;a finalement licenci\u00e9e pour faute grave.<\/p>\n\n\n\n<p>La salari\u00e9e saisit le Conseil de prud&#8217;hommes en contestation de son licenciement au motif qu&#8217;un cadre au forfait jours doit b\u00e9n\u00e9ficier d&#8217;une libert\u00e9 dans l&#8217;organisation de son travail et ne peut donc se voir reprocher de ne pas avoir respect\u00e9 un planning d\u00e9termin\u00e9 unilat\u00e9ralement par son employeur.<\/p>\n\n\n\n<p>Ainsi, les juges \u00e9taient interrog\u00e9s sur la possibilit\u00e9 d\u2019imposer \u00e0 un salari\u00e9 \u2013 ayant le statut de cadre autonome et b\u00e9n\u00e9ficiant \u00e0 ce titre d\u2019une convention individuelle de forfait annuel en jours \u2013 un planning d\u00e9termin\u00e9 par l\u2019employeur.<\/p>\n\n\n\n<p>La Cour de cassation donne gain de cause \u00e0 l&#8217;employeur et souligne qu\u2019une <strong><span style=\"text-decoration: underline;\">convention individuelle de forfait annuel en jours ne donne pas au salari\u00e9 le droit de fixer librement ses horaires de travail ind\u00e9pendamment de toute contrainte li\u00e9e \u00e0 l\u2019organisation du travail<\/span><\/strong>, d\u00e9cid\u00e9e par l\u2019employeur dans l\u2019exercice de son pouvoir de direction. L&#8217;employeur \u00e9tait donc fond\u00e9 \u00e0 reprocher ses absences \u00e0 la salari\u00e9e.<\/p>\n\n\n\n<p>Par cette d\u00e9cision, la Cour de cassation semble apporter un temp\u00e9rament \u00e0 sa jurisprudence ant\u00e9rieure selon laquelle, d\u00e8s lors que l\u2019emploi du temps du salari\u00e9 \u00e9tait d\u00e9termin\u00e9 par son sup\u00e9rieur hi\u00e9rarchique, lequel d\u00e9finissait le planning de ses interventions aupr\u00e8s des clients, le salari\u00e9 ne disposait en r\u00e9alit\u00e9 d\u2019aucune libert\u00e9 dans l\u2019organisation de son travail et n\u2019\u00e9tait donc pas susceptible de relever du r\u00e9gime du forfait en jours qui lui avait \u00e9t\u00e9 appliqu\u00e9 (<em>Cass soc., 31 oct. 2007 n\u00b0 06-43.876 ; 31 oct. 2012, n\u00b0 11-20.986<\/em>).<\/p>\n\n\n\n<p>Pr\u00e9cisons toutefois que, dans cette affaire, le planning fix\u00e9 l&#8217;employeur \u00e9tait justifi\u00e9 par la nature de ses activit\u00e9s (rendez-vous clients) et concernait des demi-journ\u00e9es ou journ\u00e9es de pr\u00e9sence sans pr\u00e9cision horaire, la salari\u00e9e restant libre de ses horaires d&#8217;arriv\u00e9e et de d\u00e9part. La solution du litige aurait donc probablement \u00e9t\u00e9 diff\u00e9rente si la salari\u00e9e avait \u00e9t\u00e9 contrainte de respecter un planning horaire pr\u00e9cis.<\/p>\n\n\n\n<p>Cass.<a href=\"https:\/\/www.legifrance.gouv.fr\/juri\/id\/JURITEXT000045133493?init=true&amp;page=1&amp;query=20-15744&amp;searchField=ALL&amp;tab_selection=all\"> soc. 2 f\u00e9vrier 2022, n\u00b0\u00a020-15.744<\/a><\/p>","protected":false},"excerpt":{"rendered":"<p>Les salari\u00e9s qui peuvent \u00eatre soumis \u00e0 un forfait annuel en jours b\u00e9n\u00e9ficient, par d\u00e9finition, d\u2019une certaine autonomie dans l\u2019organisation de leur emploi du temps (c. trav. art. L.3121-58). L&#8217;autonomie dont ils doivent disposer n\u2019est pour autant&hellip;<\/p>","protected":false},"author":990002,"featured_media":3696,"comment_status":"closed","ping_status":"closed","sticky":false,"template":"","format":"standard","meta":{"footnotes":""},"categories":[33],"tags":[],"class_list":["post-3693","post","type-post","status-publish","format-standard","has-post-thumbnail","hentry","category-actu-jurisprudentielles"],"_links":{"self":[{"href":"https:\/\/detwiler-avocat.fr\/en_en\/wp-json\/wp\/v2\/posts\/3693","targetHints":{"allow":["GET"]}}],"collection":[{"href":"https:\/\/detwiler-avocat.fr\/en_en\/wp-json\/wp\/v2\/posts"}],"about":[{"href":"https:\/\/detwiler-avocat.fr\/en_en\/wp-json\/wp\/v2\/types\/post"}],"author":[{"embeddable":true,"href":"https:\/\/detwiler-avocat.fr\/en_en\/wp-json\/wp\/v2\/users\/990002"}],"replies":[{"embeddable":true,"href":"https:\/\/detwiler-avocat.fr\/en_en\/wp-json\/wp\/v2\/comments?post=3693"}],"version-history":[{"count":3,"href":"https:\/\/detwiler-avocat.fr\/en_en\/wp-json\/wp\/v2\/posts\/3693\/revisions"}],"predecessor-version":[{"id":3697,"href":"https:\/\/detwiler-avocat.fr\/en_en\/wp-json\/wp\/v2\/posts\/3693\/revisions\/3697"}],"wp:featuredmedia":[{"embeddable":true,"href":"https:\/\/detwiler-avocat.fr\/en_en\/wp-json\/wp\/v2\/media\/3696"}],"wp:attachment":[{"href":"https:\/\/detwiler-avocat.fr\/en_en\/wp-json\/wp\/v2\/media?parent=3693"}],"wp:term":[{"taxonomy":"category","embeddable":true,"href":"https:\/\/detwiler-avocat.fr\/en_en\/wp-json\/wp\/v2\/categories?post=3693"},{"taxonomy":"post_tag","embeddable":true,"href":"https:\/\/detwiler-avocat.fr\/en_en\/wp-json\/wp\/v2\/tags?post=3693"}],"curies":[{"name":"wp","href":"https:\/\/api.w.org\/{rel}","templated":true}]}}