{"id":3674,"date":"2022-01-31T11:22:13","date_gmt":"2022-01-31T10:22:13","guid":{"rendered":"https:\/\/detwiler-avocat.fr\/?p=3674"},"modified":"2024-07-11T15:36:32","modified_gmt":"2024-07-11T13:36:32","slug":"protection-du-lanceur-dalerte-nullite-du-licenciement-faute-de-demontrer-la-mauvaise-foi-du-salarie","status":"publish","type":"post","link":"https:\/\/detwiler-avocat.fr\/en_en\/protection-du-lanceur-dalerte-nullite-du-licenciement-faute-de-demontrer-la-mauvaise-foi-du-salarie\/","title":{"rendered":"Protection du lanceur d&#8217;alerte : nullit\u00e9 du licenciement faute de d\u00e9montrer la mauvaise foi du salari\u00e9"},"content":{"rendered":"<p>Dans un arr\u00eat r\u00e9cent, la Cour de cassation donne une nouvelle illustration de la protection contre le licenciement dont b\u00e9n\u00e9ficient les salari\u00e9s lanceurs d&#8217;alerte et de la notion de mauvaise foi susceptible de faire \u00e9chec \u00e0 cette protection. <\/p>\n\n\n\n<p>Les cons\u00e9quences peuvent s&#8217;av\u00e9rer extr\u00eamement lourdes pour l&#8217;employeur en cas d&#8217;erreur d&#8217;appr\u00e9ciation:  est en effet <strong>consid\u00e9r\u00e9 comme nul le licenciement prononc\u00e9 \u00e0 l&#8217;encontre d&#8217;un salari\u00e9 pour avoir relat\u00e9 ou t\u00e9moign\u00e9, de bonne foi, de faits constitutifs d&#8217;un d\u00e9lit ou d&#8217;un crime dont il aurait eu connaissance dans l&#8217;exercice de ses fonctions <\/strong>ou<strong> signal\u00e9 une alerte <\/strong>dans le respect des articles 6 \u00e0 8 de la loi Sapin 2 du 9 d\u00e9cembre 2016 (C. trav. art. L.1132-3-3).<\/p>\n\n\n\n<p><strong><span style=\"text-decoration: underline;\">Contexte : un salari\u00e9 licenci\u00e9 apr\u00e8s avoir signal\u00e9 une situation de conflit d&#8217;int\u00e9r\u00eats \u00e0 son employeur <\/span><\/strong><\/p>\n\n\n\n<p>Dans cette affaire, un salari\u00e9 avait alert\u00e9 son employeur, soci\u00e9t\u00e9 de commissaires aux comptes, sur l\u2019existence d\u2019<strong>un risque de conflit d\u2019int\u00e9r\u00eat contraire aux r\u00e8gles d\u00e9ontologiques r\u00e9gissant cette profession <\/strong>et sollicitait des explications \u00e0 ce titre, \u00e0 d\u00e9faut de quoi il entendait en r\u00e9f\u00e9rer \u00e0 la compagnie r\u00e9gionale des commissaires aux comptes. <\/p>\n\n\n\n<p>L&#8217;employeur refusait de s&#8217;expliquer et engageait quelques jours plus tard une <strong>proc\u00e9dure de licenciement disciplinaire <\/strong>\u00e0 l&#8217;\u00e9gard du salari\u00e9. <\/p>\n\n\n\n<p>La <strong>veille de son entretien pr\u00e9alable au licenciement<\/strong>, le salari\u00e9 saisit par courrier la compagnie r\u00e9gionale des commissaires aux comptes.<\/p>\n\n\n\n<p>L&#8217;employeur notifie son <strong>licenciement pour faute grave<\/strong> au salari\u00e9 pour divers d\u00e9faut d&#8217;ex\u00e9cution dans ses missions mais surtout en raison de son comportement qu&#8217;il <strong>consid\u00e8re comme une menace formul\u00e9e \u00e0 la suite de reproches de sa<\/strong> <strong>hi\u00e9rarchie<\/strong>, caract\u00e9risant une <strong>instrumentalisation du dispositif d&#8217;alerte professionnelle<\/strong> \u00e0 des fins personnelles.<\/p>\n\n\n\n<p>Saisis d&#8217;une contestation de son licenciement par le salari\u00e9, les juges du fond prononcent la <strong>nullit\u00e9 du licenciement intervenu<\/strong> consid\u00e9rant cette d\u00e9cision comme une <strong>mesure de r\u00e9torsion \u00e0 l&#8217;encontre salari\u00e9<\/strong> et lui octroient une indemnisation en cons\u00e9quence. <\/p>\n\n\n\n<p>L&#8217;employeur se pourvoit en cassation au motif que le licenciement ne pouvait \u00eatre entach\u00e9&nbsp;de nullit\u00e9 d\u00e8s lors que :<\/p>\n\n\n\n<ul class=\"wp-block-list\">\n<li>d\u2019une part,<strong> la protection du lanceur d\u2019alerte s&#8217;applique aux seuls licenciements prononc\u00e9s apr\u00e8s la d\u00e9nonciation d&#8217;infractions p\u00e9nales<\/strong>, et <\/li>\n<\/ul>\n\n\n\n<ul class=\"wp-block-list\">\n<li>d\u2019autre part, que <strong>le signalement du salari\u00e9 \u00e9t\u00e9 empreint de mauvaise foi car intervenant apr\u00e8s des reproches formul\u00e9s au salari\u00e9<\/strong>.<\/li>\n<\/ul>\n\n\n\n<p><strong><span style=\"text-decoration: underline;\">Protection contre le licenciement du salari\u00e9 d\u00e9non\u00e7ant des manquements d\u00e9ontologiques <\/span><\/strong><\/p>\n\n\n\n<p>La Cour de cassation rejette le pourvoi form\u00e9 par l&#8217;employeur et rappelle le principe selon lequel&nbsp;:<\/p>\n\n\n\n<p>&#8220;<strong>un salari\u00e9 ne peut \u00eatre licenci\u00e9 pour avoir relat\u00e9 ou t\u00e9moign\u00e9, de bonne foi, des faits dont il a connaissance dans l\u2019exercice de ses fonctions et qui seraient susceptible de caract\u00e9riser une infraction p\u00e9nale, mais \u00e9galement un manquement \u00e0 une obligation d\u00e9ontologique l\u00e9gale ou r\u00e8glementaire.<\/strong>&#8220;<\/p>\n\n\n\n<p>Or, la pratique dite d\u2019auto-r\u00e9vision d\u00e9nonc\u00e9e par le salari\u00e9, conduisant un commissaire aux comptes \u00e0 se prononcer ou \u00e0 porter une appr\u00e9ciation sur des \u00e9l\u00e9ments r\u00e9sultant de prestations fournies par lui-m\u00eame, est <strong>prohib\u00e9e par la d\u00e9ontologie de la profession <\/strong>de sorte qu\u2019une alerte \u00e0 ce titre ouvrait droit \u00e0 la protection du salari\u00e9.<\/p>\n\n\n\n<p>Selon les juges, il \u00e9tait indiff\u00e9rent que l\u2019employeur ait aussi invoqu\u00e9 d\u2019autres motifs dans la lettre de licenciement. <\/p>\n\n\n\n<p>La concomitance entre l\u2019envoi du courrier de d\u00e9nonciation du salari\u00e9 et sa convocation \u00e0 un entretien pr\u00e9alable ainsi que l\u2019existence d\u2019un doute concernant une mesure de r\u00e9torsion illicite de la part de l\u2019employeur ont emport\u00e9 la conviction des juges. <\/p>\n\n\n\n<p><strong><u>Absence de mauvaise foi du salari\u00e9 susceptible de remettre en cause la nullit\u00e9 du licenciement<\/u><\/strong><\/p>\n\n\n\n<p>Pour b\u00e9n\u00e9ficier de la protection contre le licenciement, le salari\u00e9 doit n\u00e9anmoins agir de bonne foi.<\/p>\n\n\n\n<p>La Cour de cassation rappelle cependant dans cette affaire que&nbsp;<strong><span style=\"text-decoration: underline;\">la mauvaise foi du salari\u00e9 est caract\u00e9ris\u00e9e  uniquement par la connaissance de la fausset\u00e9 des faits<\/span><\/strong>, ce qui n\u2019\u00e9tait pas d\u00e9montr\u00e9 en l\u2019esp\u00e8ce.<\/p>\n\n\n\n<p><strong>L&#8217;existence de reproches formul\u00e9s concernant la qualit\u00e9 du travail et\/ou d&#8217;un contexte conflictuel ant\u00e9rieurs ou concomitants \u00e0 la d\u00e9nonciation desdits faits ne suffit donc pas \u00e0 d\u00e9montrer une instrumentalisation du dispositif par le salari\u00e9. <\/strong><\/p>\n\n\n\n<p>Faute d&#8217;\u00e9tablir la mauvaise foi du salari\u00e9, le licenciement devait donc \u00eatre consid\u00e9r\u00e9 comme nul. <\/p>\n\n\n\n<p>Source : <a href=\"https:\/\/www.courdecassation.fr\/decision\/61e7b7dda41da869de68a27b\"><em>Cass. soc.  19 janvier 2022, n\u00b020-10.057<\/em> <\/a><\/p>\n\n\n\n<p><\/p>","protected":false},"excerpt":{"rendered":"<p>Dans un arr\u00eat r\u00e9cent, la Cour de cassation donne une nouvelle illustration de la protection contre le licenciement dont b\u00e9n\u00e9ficient les salari\u00e9s lanceurs d&#8217;alerte et de la notion de mauvaise foi susceptible de faire \u00e9chec \u00e0 cette&hellip;<\/p>","protected":false},"author":990002,"featured_media":3679,"comment_status":"closed","ping_status":"closed","sticky":false,"template":"","format":"standard","meta":{"footnotes":""},"categories":[33],"tags":[],"class_list":["post-3674","post","type-post","status-publish","format-standard","has-post-thumbnail","hentry","category-actu-jurisprudentielles"],"_links":{"self":[{"href":"https:\/\/detwiler-avocat.fr\/en_en\/wp-json\/wp\/v2\/posts\/3674","targetHints":{"allow":["GET"]}}],"collection":[{"href":"https:\/\/detwiler-avocat.fr\/en_en\/wp-json\/wp\/v2\/posts"}],"about":[{"href":"https:\/\/detwiler-avocat.fr\/en_en\/wp-json\/wp\/v2\/types\/post"}],"author":[{"embeddable":true,"href":"https:\/\/detwiler-avocat.fr\/en_en\/wp-json\/wp\/v2\/users\/990002"}],"replies":[{"embeddable":true,"href":"https:\/\/detwiler-avocat.fr\/en_en\/wp-json\/wp\/v2\/comments?post=3674"}],"version-history":[{"count":7,"href":"https:\/\/detwiler-avocat.fr\/en_en\/wp-json\/wp\/v2\/posts\/3674\/revisions"}],"predecessor-version":[{"id":3888,"href":"https:\/\/detwiler-avocat.fr\/en_en\/wp-json\/wp\/v2\/posts\/3674\/revisions\/3888"}],"wp:featuredmedia":[{"embeddable":true,"href":"https:\/\/detwiler-avocat.fr\/en_en\/wp-json\/wp\/v2\/media\/3679"}],"wp:attachment":[{"href":"https:\/\/detwiler-avocat.fr\/en_en\/wp-json\/wp\/v2\/media?parent=3674"}],"wp:term":[{"taxonomy":"category","embeddable":true,"href":"https:\/\/detwiler-avocat.fr\/en_en\/wp-json\/wp\/v2\/categories?post=3674"},{"taxonomy":"post_tag","embeddable":true,"href":"https:\/\/detwiler-avocat.fr\/en_en\/wp-json\/wp\/v2\/tags?post=3674"}],"curies":[{"name":"wp","href":"https:\/\/api.w.org\/{rel}","templated":true}]}}